{"id":14,"date":"2018-08-16T11:41:26","date_gmt":"2018-08-16T11:41:26","guid":{"rendered":"http:\/\/www.flyktingamnesti.nu\/?p=14"},"modified":"2021-04-16T14:59:55","modified_gmt":"2021-04-16T14:59:55","slug":"var-klimatpolitik-maste-forandras","status":"publish","type":"post","link":"http:\/\/www.flyktingamnesti.nu\/?p=14","title":{"rendered":"V\u00e5r klimatpolitik m\u00e5ste f\u00f6r\u00e4ndras"},"content":{"rendered":"<p>Klimatet och omst\u00e4llningen till ett mer h\u00e5llbart samh\u00e4lle \u00e4r en av v\u00e5r tids st\u00f6rsta utmaningar. Vi m\u00e5ste v\u00e5ga f\u00f6r\u00e4ndra f\u00f6r att f\u00f6r\u00e4ndring ska kunna ske, men vi \u00e4r inte alla \u00f6verens om hur v\u00e5rt tillv\u00e4gag\u00e5ngss\u00e4tt f\u00f6r att uppn\u00e5 v\u00e5ra m\u00e5l ska se ut n\u00e4r det g\u00e4ller den globala uppv\u00e4rmningen. Det finns stora problem att ta itu med och sanningen \u00e4r att vi redan nu har redskap f\u00f6r att ta ett steg i r\u00e4tt siktning. Visste du att alla lampor i v\u00e4rlden utg\u00f6r ett stort hot mot milj\u00f6n genom att de inneh\u00e5ller kvicksilver och \u00e4ven sl\u00e4pper ut koldioxid i atmosf\u00e4ren? Vi kan reducera detta genom att i \u00e4nnu st\u00f6rre utstr\u00e4ckning \u00e4n tidigare anv\u00e4nda oss av lysdioder, ocks\u00e5 kallad led belysning.<\/p>\n<h2>Led finns till ficklampor och andra ljusk\u00e4llor<\/h2>\n<p>Led belysning \u00e4r inte en belysningsl\u00f6sning som endast l\u00e4mpar sig f\u00f6r industrier eller s\u00e4rskilda omr\u00e5den s\u00e5 som ficklampor, utan led anv\u00e4nds inom alla m\u00f6jliga t\u00e4nkbara anv\u00e4ndningsomr\u00e5den. En <a href=\"https:\/\/ljusgiganten.se\/ficklampor\">kraftfull ficklampa<\/a> utrustad med lysdioder har en betydligt l\u00e4ngre livl\u00e4ngd. Det positiva \u00e4r att ljuset ocks\u00e5 blir klarare och b\u00e4ttre \u00e4n tidigare ljusk\u00e4llor utan att kvaliteten p\u00e5verkas negativt.<\/p>\n<h2>Lysr\u00f6r kan ocks\u00e5 ers\u00e4ttas med led p\u00e5 ett smidigt s\u00e4tt<\/h2>\n<p>Har du n\u00e5gra lysr\u00f6r i hemmet eller m\u00f6jligtvis i din tv\u00e4ttstuga? Ja d\u00e5 kan du \u00e4ven h\u00e4r ers\u00e4tta de \u00e4ldre lamporna med effektiva led lysr\u00f6r som halverar str\u00f6mf\u00f6rbrukningen. Det \u00e4r lika enkelt som det l\u00e5ter, och \u00e4ven h\u00e4r beh\u00f6ver du inte oroa dig f\u00f6r att kvalit\u00e9n p\u00e5 ljuset ska p\u00e5verkas negativt, utan tv\u00e4rtom det blir b\u00e4ttre!<\/p>\n<p>Led belysning kan appliceras i betydligt fler situationer \u00e4n bara p\u00e5 fordon som jag brukar s\u00e4ga till min sambo. Han handlar ofta fordonsbelysning hos <a href=\"https:\/\/ljusgiganten.se\">Ljusgiganten<\/a> och visst \u00e4r det bra med \u00f6kad k\u00f6rs\u00e4kerhet n\u00e4r man k\u00f6r p\u00e5 skogsv\u00e4gar, det s\u00e4ger jag inte emot. Men jag vill v\u00e4cka folks uppm\u00e4rksamhets om att led lampans f\u00f6rdelar str\u00e4cker sig betydligt l\u00e4ngre \u00e4n f\u00f6r bara montering p\u00e5 bilar.<\/p>\n<p><a href=\"http:\/\/www.flyktingamnesti.nu\/wp-content\/uploads\/2018\/08\/led-lampor-bil.jpg\"><img loading=\"lazy\" decoding=\"async\" class=\"alignnone size-full wp-image-21\" src=\"http:\/\/www.flyktingamnesti.nu\/wp-content\/uploads\/2018\/08\/led-lampor-bil.jpg\" alt=\"\" width=\"600\" height=\"600\" srcset=\"http:\/\/www.flyktingamnesti.nu\/wp-content\/uploads\/2018\/08\/led-lampor-bil.jpg 600w, http:\/\/www.flyktingamnesti.nu\/wp-content\/uploads\/2018\/08\/led-lampor-bil-150x150.jpg 150w, http:\/\/www.flyktingamnesti.nu\/wp-content\/uploads\/2018\/08\/led-lampor-bil-300x300.jpg 300w\" sizes=\"(max-width: 600px) 100vw, 600px\" \/><\/a><\/p>\n<p>Om vi alla tillsammans hade varit mer uppm\u00e4rksamma \u00f6ver hur vi sj\u00e4lva kan bidra till ett b\u00e4ttre klimat s\u00e5 hade vi kunnat g\u00f6ra stor skillnad, betydligt st\u00f6rre \u00e4n alla v\u00e4rldens regeringar tillsammans. V\u00e5r klimatpolitik m\u00e5ste f\u00f6r\u00e4ndras i grunden men du som l\u00e4sare f\u00f6rst\u00e5r nog att vi sj\u00e4lva m\u00e5ste ta det f\u00f6rsta steget!<\/p>\n","protected":false},"excerpt":{"rendered":"<p>Klimatet och omst\u00e4llningen till ett mer h\u00e5llbart samh\u00e4lle \u00e4r en av v\u00e5r tids st\u00f6rsta utmaningar. Vi m\u00e5ste v\u00e5ga f\u00f6r\u00e4ndra f\u00f6r att f\u00f6r\u00e4ndring ska kunna ske, men vi \u00e4r inte alla \u00f6verens om hur v\u00e5rt tillv\u00e4gag\u00e5ngss\u00e4tt f\u00f6r att uppn\u00e5 v\u00e5ra m\u00e5l ska se ut n\u00e4r det g\u00e4ller den globala uppv\u00e4rmningen. Det finns stora problem att ta [&hellip;]<\/p>\n","protected":false},"author":1,"featured_media":25,"comment_status":"open","ping_status":"open","sticky":false,"template":"","format":"standard","meta":{"footnotes":""},"categories":[3],"tags":[],"_links":{"self":[{"href":"http:\/\/www.flyktingamnesti.nu\/index.php?rest_route=\/wp\/v2\/posts\/14"}],"collection":[{"href":"http:\/\/www.flyktingamnesti.nu\/index.php?rest_route=\/wp\/v2\/posts"}],"about":[{"href":"http:\/\/www.flyktingamnesti.nu\/index.php?rest_route=\/wp\/v2\/types\/post"}],"author":[{"embeddable":true,"href":"http:\/\/www.flyktingamnesti.nu\/index.php?rest_route=\/wp\/v2\/users\/1"}],"replies":[{"embeddable":true,"href":"http:\/\/www.flyktingamnesti.nu\/index.php?rest_route=%2Fwp%2Fv2%2Fcomments&post=14"}],"version-history":[{"count":9,"href":"http:\/\/www.flyktingamnesti.nu\/index.php?rest_route=\/wp\/v2\/posts\/14\/revisions"}],"predecessor-version":[{"id":28,"href":"http:\/\/www.flyktingamnesti.nu\/index.php?rest_route=\/wp\/v2\/posts\/14\/revisions\/28"}],"wp:featuredmedia":[{"embeddable":true,"href":"http:\/\/www.flyktingamnesti.nu\/index.php?rest_route=\/wp\/v2\/media\/25"}],"wp:attachment":[{"href":"http:\/\/www.flyktingamnesti.nu\/index.php?rest_route=%2Fwp%2Fv2%2Fmedia&parent=14"}],"wp:term":[{"taxonomy":"category","embeddable":true,"href":"http:\/\/www.flyktingamnesti.nu\/index.php?rest_route=%2Fwp%2Fv2%2Fcategories&post=14"},{"taxonomy":"post_tag","embeddable":true,"href":"http:\/\/www.flyktingamnesti.nu\/index.php?rest_route=%2Fwp%2Fv2%2Ftags&post=14"}],"curies":[{"name":"wp","href":"https:\/\/api.w.org\/{rel}","templated":true}]}}